{"id":1273,"date":"2025-07-09T15:07:05","date_gmt":"2025-07-09T13:07:05","guid":{"rendered":"https:\/\/komsport.eu\/?p=1273"},"modified":"2025-07-09T15:07:08","modified_gmt":"2025-07-09T13:07:08","slug":"11-po-hradzi-az-ku-kastielu-cyklisticky-vylet-komarno-cicov","status":"publish","type":"post","link":"https:\/\/komsport.eu\/sk\/11-po-hradzi-az-ku-kastielu-cyklisticky-vylet-komarno-cicov\/","title":{"rendered":"11. Po hr\u00e1dzi a\u017e ku ka\u0161tie\u013eu: Cyklistick\u00fd v\u00fdlet Kom\u00e1rno \u2013 \u010c\u00ed\u010dov"},"content":{"rendered":"\n<p><strong>Ak milujete dlh\u00e9 trasy pln\u00e9 pr\u00edrodn\u00fdch scen\u00e9ri\u00ed a ticha, cyklov\u00fdlet po hr\u00e1dzi popri Dunaji do obce \u010c\u00ed\u010dov v\u00e1s o\u010dar\u00ed. Trasa dlh\u00e1 66,2 km s jazdn\u00fdm \u010dasom okolo 3 hodiny a 48 min\u00fat je skuto\u010dnou pastvou pre du\u0161u aj telo. Od nekone\u010dnej dunajskej hr\u00e1dze cez lu\u017en\u00e9 lesy a\u017e po historick\u00fd ka\u0161tie\u013e \u2013 tento v\u00fdlet je ako stvoren\u00fd pre v\u0161etk\u00fdch, \u010do chc\u00fa vypadn\u00fa\u0165 z ruchu mesta a splyn\u00fa\u0165 s pr\u00edrodou.<\/strong><\/p>\n\n\n\n<p><br><strong>Technick\u00e9 \u00fadaje<\/strong><\/p>\n\n\n\n<ul class=\"wp-block-list\">\n<li><strong>D\u013a\u017eka trasy:<\/strong> 66,2 km<\/li>\n\n\n\n<li><strong>\u010cas jazdy:<\/strong> cca 3 hodiny 48 min\u00fat<\/li>\n\n\n\n<li><strong>Typ ter\u00e9nu:<\/strong> spevnen\u00e1 hr\u00e1dza, asfaltov\u00e9 a po\u013en\u00e9 cesty<\/li>\n\n\n\n<li><strong>Odpor\u00fa\u010dan\u00fd bicykel:<\/strong> MTB<\/li>\n\n\n\n<li><strong>N\u00e1ro\u010dnos\u0165:<\/strong> stredn\u00e1 a\u017e vy\u0161\u0161ia<\/li>\n\n\n\n<li><strong>Vhodn\u00e9 obdobie:<\/strong> jar \u2013 leto \u2013 skor\u00e1 jese\u0148<\/li>\n\n\n\n<li><strong>Odpor\u00fa\u010dan\u00e1 v\u00fdbava:<\/strong> voda, jedlo, n\u00e1radie, ochrana proti slnku a hmyzu<\/li>\n\n\n\n<li><strong>Vhodn\u00e9 pre:<\/strong> profi cyklistov, milovn\u00edkov pr\u00edrody<\/li>\n<\/ul>\n\n\n\n<iframe style=\"border:none\" src=\"https:\/\/mapy.com\/s\/dubumucaso\" width=\"700\" height=\"466\" frameborder=\"0\"><\/iframe>\n\n\n\n<h2 class=\"wp-block-heading\"><strong>Zauj\u00edmavosti na trase<\/strong><\/h2>\n\n\n\n<h3 class=\"wp-block-heading\"><strong>Hr\u00e1dza pri Dunaji<\/strong><\/h3>\n\n\n\n<p>Trasa za\u010d\u00edna priamo v Kom\u00e1rne a pokra\u010duje po <strong>dunajskej hr\u00e1dzi<\/strong>. Povrch je spevnen\u00fd, vhodn\u00fd pre MTB a cross bicykle. Po\u010das celej jazdy v\u00e1s bude sprev\u00e1dza\u0165 v\u00fdh\u013ead na tok Dunaja, lu\u017en\u00e9 lesy a vodn\u00e9 plochy.<\/p>\n\n\n\n<h3 class=\"wp-block-heading\"><strong>Ostrov Ve\u013ek\u00fd L\u00e9l<\/strong><\/h3>\n\n\n\n<p>Jeden z najvz\u00e1cnej\u0161\u00edch pr\u00edrodn\u00fdch klenotov regi\u00f3nu. <strong>Ve\u013ekol\u00e9lsky ostrov<\/strong> je domovom mno\u017estva vt\u00e1ctva, vz\u00e1cnych rastl\u00edn a kon\u00ed pas\u00facich sa vo vo\u013enej pr\u00edrode. Ak m\u00e1te \u010das, ur\u010dite odpor\u00fa\u010dame kr\u00e1tku odbo\u010dku \u2013 samotn\u00fd poh\u013ead na ostrov stoj\u00ed za to.<\/p>\n\n\n\n<h3 class=\"wp-block-heading\"><strong>Ka\u0161tie\u013e v \u010c\u00ed\u010dove<\/strong><\/h3>\n\n\n\n<p>Na konci trasy v\u00e1s priv\u00edta <strong>ka\u0161tie\u013e v \u010c\u00ed\u010dove<\/strong>, historick\u00e1 budova s n\u00e1dychom aristokratickej minulosti. Okolie je pokojn\u00e9, s pr\u00edjemn\u00fdm parkom, ide\u00e1lnym na oddych po n\u00e1ro\u010dnej\u0161ej jazde.<\/p>\n\n\n\n<h3 class=\"wp-block-heading\"><strong>Pam\u00e4tn\u00e9 dreven\u00e9 st\u013apy a chr\u00e1nen\u00e9 \u00fazemie<\/strong><\/h3>\n\n\n\n<p>V \u010c\u00ed\u010dove sa nach\u00e1dzaj\u00fa aj <strong>pam\u00e4tn\u00e9 dreven\u00e9 st\u013apy<\/strong> \u2013 symbolick\u00e9 miesta pripom\u00ednaj\u00face hist\u00f3riu regi\u00f3nu. Trasa prech\u00e1dza cez <strong>chr\u00e1nen\u00fa pr\u00edrodn\u00fa oblas\u0165<\/strong>, tak\u017ee o\u010dak\u00e1vajte ticho, zele\u0148 a v\u00fdnimo\u010dn\u00fa biodiverzitu.<\/p>\n\n\n\n<h2 class=\"wp-block-heading\"><strong>Ob\u010derstvenie<\/strong><\/h2>\n\n\n\n<ul class=\"wp-block-list\">\n<li><strong>\u010c\u00ed\u010dov<\/strong> \u2013 jedin\u00e1 obec na trase, kde n\u00e1jdete re\u0161taur\u00e1ciu, obchod \u010di mo\u017enos\u0165 doplni\u0165 vodu.<br><\/li>\n\n\n\n<li><strong>Odpor\u00fa\u010danie:<\/strong> zoberte si <strong>vlastn\u00e9 ob\u010derstvenie<\/strong> a dostatok vody \u2013 ide o <strong>dlh\u00fd \u00fasek bez slu\u017eieb<\/strong>.<\/li>\n\n\n\n<li><\/li>\n<\/ul>\n\n\n\n<p>Cyklistick\u00e1 trasa <strong>Kom\u00e1rno \u2013 \u010c\u00ed\u010dov<\/strong> je ide\u00e1lnou vo\u013ebou pre t\u00fdch, ktor\u00ed h\u013eadaj\u00fa <strong>dlh\u00fd, ale pokojn\u00fd v\u00fdlet pln\u00fd pr\u00edrodn\u00fdch kr\u00e1s<\/strong>. Ostrov, ka\u0161tie\u013e, chr\u00e1nen\u00e9 \u00fazemia a samotn\u00e1 hr\u00e1dza v\u00e1s vytrhn\u00fa z be\u017en\u00e9ho d\u0148a a pon\u00faknu z\u00e1\u017eitok, na ktor\u00fd budete dlho spom\u00edna\u0165. Ak ste pripraven\u00ed na dlh\u0161iu jazdu, <strong>tento v\u00fdlet v\u00e1s odmen\u00ed z\u00e1\u017eitkami, ktor\u00e9 sa nedaj\u00fa k\u00fapi\u0165 \u2013 len pre\u017ei\u0165.<\/strong><\/p>\n","protected":false},"excerpt":{"rendered":"<p>Ak milujete dlh\u00e9 trasy pln\u00e9 pr\u00edrodn\u00fdch scen\u00e9ri\u00ed a ticha, cyklov\u00fdlet po hr\u00e1dzi popri Dunaji do obce \u010c\u00ed\u010dov v\u00e1s o\u010dar\u00ed. Trasa dlh\u00e1 66,2 km s jazdn\u00fdm \u010dasom okolo 3 hodiny a 48 min\u00fat je skuto\u010dnou pastvou pre du\u0161u aj telo. Od nekone\u010dnej dunajskej hr\u00e1dze cez lu\u017en\u00e9 lesy a\u017e po historick\u00fd ka\u0161tie\u013e \u2013 tento v\u00fdlet je ako [&hellip;]<\/p>\n","protected":false},"author":1,"featured_media":1274,"comment_status":"closed","ping_status":"open","sticky":false,"template":"","format":"standard","meta":{"_acf_changed":false,"rank_math_lock_modified_date":false,"footnotes":""},"categories":[171],"tags":[26],"sport":[29],"class_list":["post-1273","post","type-post","status-publish","format-standard","has-post-thumbnail","hentry","category-turisticke-cyklotrasy","tag-exterier","sport-cyklistika"],"acf":[],"_links":{"self":[{"href":"https:\/\/komsport.eu\/sk\/wp-json\/wp\/v2\/posts\/1273","targetHints":{"allow":["GET"]}}],"collection":[{"href":"https:\/\/komsport.eu\/sk\/wp-json\/wp\/v2\/posts"}],"about":[{"href":"https:\/\/komsport.eu\/sk\/wp-json\/wp\/v2\/types\/post"}],"author":[{"embeddable":true,"href":"https:\/\/komsport.eu\/sk\/wp-json\/wp\/v2\/users\/1"}],"replies":[{"embeddable":true,"href":"https:\/\/komsport.eu\/sk\/wp-json\/wp\/v2\/comments?post=1273"}],"version-history":[{"count":1,"href":"https:\/\/komsport.eu\/sk\/wp-json\/wp\/v2\/posts\/1273\/revisions"}],"predecessor-version":[{"id":1276,"href":"https:\/\/komsport.eu\/sk\/wp-json\/wp\/v2\/posts\/1273\/revisions\/1276"}],"wp:featuredmedia":[{"embeddable":true,"href":"https:\/\/komsport.eu\/sk\/wp-json\/wp\/v2\/media\/1274"}],"wp:attachment":[{"href":"https:\/\/komsport.eu\/sk\/wp-json\/wp\/v2\/media?parent=1273"}],"wp:term":[{"taxonomy":"category","embeddable":true,"href":"https:\/\/komsport.eu\/sk\/wp-json\/wp\/v2\/categories?post=1273"},{"taxonomy":"post_tag","embeddable":true,"href":"https:\/\/komsport.eu\/sk\/wp-json\/wp\/v2\/tags?post=1273"},{"taxonomy":"sport","embeddable":true,"href":"https:\/\/komsport.eu\/sk\/wp-json\/wp\/v2\/sport?post=1273"}],"curies":[{"name":"wp","href":"https:\/\/api.w.org\/{rel}","templated":true}]}}